{"id":2174,"date":"2026-04-21T15:15:21","date_gmt":"2026-04-21T13:15:21","guid":{"rendered":"https:\/\/vinsdedagne.fr\/?p=2174"},"modified":"2026-04-21T15:19:38","modified_gmt":"2026-04-21T13:19:38","slug":"val-de-dagne-le-cafe-vins-de-dagne-recompense","status":"publish","type":"post","link":"https:\/\/vinsdedagne.fr\/en\/val-de-dagne-le-cafe-vins-de-dagne-recompense\/","title":{"rendered":"Val-de-Dagne : le caf\u00e9 Vins de Dagne r\u00e9compens\u00e9"},"content":{"rendered":"<div data-elementor-type=\"wp-post\" data-elementor-id=\"2174\" class=\"elementor elementor-2174\">\n\t\t\t\t\t\t<section class=\"elementor-section elementor-top-section elementor-element elementor-element-d2d6753 elementor-section-height-min-height elementor-section-stretched elementor-section-boxed elementor-section-height-default elementor-section-items-middle\" data-id=\"d2d6753\" data-element_type=\"section\" data-e-type=\"section\" data-settings=\"{&quot;stretch_section&quot;:&quot;section-stretched&quot;,&quot;background_background&quot;:&quot;classic&quot;}\">\n\t\t\t\t\t\t<div class=\"elementor-container elementor-column-gap-default\">\n\t\t\t\t\t<div class=\"elementor-column elementor-col-100 elementor-top-column elementor-element elementor-element-94ebda4\" data-id=\"94ebda4\" data-element_type=\"column\" data-e-type=\"column\">\n\t\t\t<div class=\"elementor-widget-wrap\">\n\t\t\t\t\t\t\t<\/div>\n\t\t<\/div>\n\t\t\t\t\t<\/div>\n\t\t<\/section>\n\t\t\t\t<section class=\"elementor-section elementor-top-section elementor-element elementor-element-7513ee8 elementor-section-height-min-height elementor-section-full_width elementor-section-stretched elementor-section-height-default elementor-section-items-middle\" data-id=\"7513ee8\" data-element_type=\"section\" data-e-type=\"section\" data-settings=\"{&quot;background_background&quot;:&quot;classic&quot;,&quot;shape_divider_top&quot;:&quot;arrow&quot;,&quot;stretch_section&quot;:&quot;section-stretched&quot;}\">\n\t\t\t\t\t\t\t<div class=\"elementor-background-overlay\"><\/div>\n\t\t\t\t\t\t<div class=\"elementor-shape elementor-shape-top\" aria-hidden=\"true\" data-negative=\"false\">\n\t\t\t<svg xmlns=\"http:\/\/www.w3.org\/2000\/svg\" viewbox=\"0 0 700 10\" preserveaspectratio=\"none\">\n\t<path class=\"elementor-shape-fill\" d=\"M350,10L340,0h20L350,10z\"\/>\n<\/svg>\t\t<\/div>\n\t\t\t\t\t<div class=\"elementor-container elementor-column-gap-default\">\n\t\t\t\t\t<div class=\"elementor-column elementor-col-100 elementor-top-column elementor-element elementor-element-e1aa25c\" data-id=\"e1aa25c\" data-element_type=\"column\" data-e-type=\"column\">\n\t\t\t<div class=\"elementor-widget-wrap elementor-element-populated\">\n\t\t\t\t\t\t<div class=\"elementor-element elementor-element-f1001d7 elementor-widget elementor-widget-hfe-breadcrumbs-widget\" data-id=\"f1001d7\" data-element_type=\"widget\" data-e-type=\"widget\" data-widget_type=\"hfe-breadcrumbs-widget.default\">\n\t\t\t\t<div class=\"elementor-widget-container\">\n\t\t\t\t\t<nav aria-label=\"Breadcrumb\"><ul class=\"hfe-breadcrumbs hfe-breadcrumbs-show-home\"><li class=\"hfe-breadcrumbs-item hfe-breadcrumbs-first\"><span class=\"hfe-breadcrumbs-home-icon\"><\/span><a href=\"https:\/\/vinsdedagne.fr\/en\"><span class=\"hfe-breadcrumbs-text\">Accueil<\/span><\/a><\/li><\/ul><\/nav>\t\t\t\t<\/div>\n\t\t\t\t<\/div>\n\t\t\t\t<section class=\"elementor-section elementor-inner-section elementor-element elementor-element-ee36590 elementor-section-boxed elementor-section-height-default elementor-section-height-default\" data-id=\"ee36590\" data-element_type=\"section\" data-e-type=\"section\">\n\t\t\t\t\t\t<div class=\"elementor-container elementor-column-gap-default\">\n\t\t\t\t\t<div class=\"elementor-column elementor-col-100 elementor-inner-column elementor-element elementor-element-731c7b4\" data-id=\"731c7b4\" data-element_type=\"column\" data-e-type=\"column\">\n\t\t\t<div class=\"elementor-widget-wrap elementor-element-populated\">\n\t\t\t\t\t\t<div class=\"elementor-element elementor-element-2771ebd elementor-invisible elementor-widget elementor-widget-page-title\" data-id=\"2771ebd\" data-element_type=\"widget\" data-e-type=\"widget\" data-settings=\"{&quot;align&quot;:&quot;center&quot;,&quot;_animation&quot;:&quot;fadeIn&quot;}\" data-widget_type=\"page-title.default\">\n\t\t\t\t<div class=\"elementor-widget-container\">\n\t\t\t\t\t\t\t\n\t\t<div class=\"hfe-page-title hfe-page-title-wrapper elementor-widget-heading\">\n\n\t\t\t\t\t\t\t\t\t\t\t<a href=\"https:\/\/vinsdedagne.fr\/en\">\n\t\t\t\t\t\t<h1 class=\"elementor-heading-title elementor-size-default\">\n\t\t\t\t\t\t\t\t\n\t\t\t\tVal-de-Dagne : le caf\u00e9 Vins de Dagne r\u00e9compens\u00e9  \n\t\t\t<\/h1> \n\t\t\t\t\t\t\t\t\t<\/a>\n\t\t\t\t\t<\/div>\n\t\t\t\t\t\t<\/div>\n\t\t\t\t<\/div>\n\t\t\t\t\t<\/div>\n\t\t<\/div>\n\t\t\t\t\t<\/div>\n\t\t<\/section>\n\t\t\t\t\t<\/div>\n\t\t<\/div>\n\t\t\t\t\t<\/div>\n\t\t<\/section>\n\t\t\t\t<section class=\"elementor-section elementor-top-section elementor-element elementor-element-3511ab7 elementor-section-boxed elementor-section-height-default elementor-section-height-default\" data-id=\"3511ab7\" data-element_type=\"section\" data-e-type=\"section\">\n\t\t\t\t\t\t<div class=\"elementor-container elementor-column-gap-default\">\n\t\t\t\t\t<div class=\"elementor-column elementor-col-100 elementor-top-column elementor-element elementor-element-dec06c1\" data-id=\"dec06c1\" data-element_type=\"column\" data-e-type=\"column\">\n\t\t\t<div class=\"elementor-widget-wrap elementor-element-populated\">\n\t\t\t\t\t\t<div class=\"elementor-element elementor-element-8d31555 elementor-widget elementor-widget-spacer\" data-id=\"8d31555\" data-element_type=\"widget\" data-e-type=\"widget\" data-widget_type=\"spacer.default\">\n\t\t\t\t<div class=\"elementor-widget-container\">\n\t\t\t\t\t\t\t<div class=\"elementor-spacer\">\n\t\t\t<div class=\"elementor-spacer-inner\"><\/div>\n\t\t<\/div>\n\t\t\t\t\t\t<\/div>\n\t\t\t\t<\/div>\n\t\t\t\t<div class=\"elementor-element elementor-element-d1bddc8 elementor-invisible elementor-widget elementor-widget-image\" data-id=\"d1bddc8\" data-element_type=\"widget\" data-e-type=\"widget\" data-settings=\"{&quot;_animation&quot;:&quot;fadeInDown&quot;}\" data-widget_type=\"image.default\">\n\t\t\t\t<div class=\"elementor-widget-container\">\n\t\t\t\t\t\t\t\t\t\t\t\t\t\t\t<img fetchpriority=\"high\" decoding=\"async\" width=\"768\" height=\"434\" src=\"https:\/\/vinsdedagne.fr\/wp-content\/uploads\/2026\/04\/le-cafe-vins-de-dagne-recompense-768x434.jpg\" class=\"attachment-medium_large size-medium_large wp-image-2175\" alt=\"\" srcset=\"https:\/\/vinsdedagne.fr\/wp-content\/uploads\/2026\/04\/le-cafe-vins-de-dagne-recompense-768x434.jpg 768w, https:\/\/vinsdedagne.fr\/wp-content\/uploads\/2026\/04\/le-cafe-vins-de-dagne-recompense-300x169.jpg 300w, https:\/\/vinsdedagne.fr\/wp-content\/uploads\/2026\/04\/le-cafe-vins-de-dagne-recompense-18x10.jpg 18w, https:\/\/vinsdedagne.fr\/wp-content\/uploads\/2026\/04\/le-cafe-vins-de-dagne-recompense.jpg 885w\" sizes=\"(max-width: 768px) 100vw, 768px\" \/>\t\t\t\t\t\t\t\t\t\t\t\t\t\t\t<\/div>\n\t\t\t\t<\/div>\n\t\t\t\t<div class=\"elementor-element elementor-element-217cf6d elementor-widget elementor-widget-text-editor\" data-id=\"217cf6d\" data-element_type=\"widget\" data-e-type=\"widget\" data-widget_type=\"text-editor.default\">\n\t\t\t\t<div class=\"elementor-widget-container\">\n\t\t\t\t\t\t\t\t\t<p class=\"p1\">Il y a trois semaines, Aur\u00e9lien Cornac, g\u00e9rant du caf\u00e9 Vins de Dagne, s&rsquo;est inscrit au <strong>concours village vivant<\/strong> organis\u00e9 par <a href=\"https:\/\/www.carcassonne-agglo.fr\/\" target=\"_blank\" rel=\"noopener\"><span style=\"text-decoration: underline;\">Carcassonne Agglo<\/span><\/a>, en partenariat avec les chambres consulaires. Un concours pour soutenir le commerce rural qui a suscit\u00e9 un vrai engouement sur les r\u00e9seaux sociaux.<\/p><p class=\"p1\">27 enseignes \u00e9taient sur la ligne de d\u00e9part avec l&rsquo;objectif de mettre en lumi\u00e8re ces commerces de proximit\u00e9 et de favoriser leur maintien, car ils cr\u00e9ent du lien social et participent \u00e0 la dynamique du village. Ce 27 novembre, le palmar\u00e8s a \u00e9t\u00e9 d\u00e9voil\u00e9 en pr\u00e9sence d&rsquo;\u00e9lus et le jeune homme install\u00e9 depuis 2021, qui a su fid\u00e9liser sa client\u00e8le et a \u00e9t\u00e9 <strong>labellis\u00e9 Bistrot de pays<\/strong> pour <strong>valoriser les produits et vins locaux<\/strong>, a \u00e9t\u00e9 r\u00e9compens\u00e9 du coup de c\u0153ur du public.<\/p>\t\t\t\t\t\t\t\t<\/div>\n\t\t\t\t<\/div>\n\t\t\t\t\t<\/div>\n\t\t<\/div>\n\t\t\t\t\t<\/div>\n\t\t<\/section>\n\t\t\t\t<section class=\"elementor-section elementor-top-section elementor-element elementor-element-5b4f046 elementor-section-boxed elementor-section-height-default elementor-section-height-default\" data-id=\"5b4f046\" data-element_type=\"section\" data-e-type=\"section\">\n\t\t\t\t\t\t<div class=\"elementor-container elementor-column-gap-default\">\n\t\t\t\t\t<div class=\"elementor-column elementor-col-100 elementor-top-column elementor-element elementor-element-3927fab\" data-id=\"3927fab\" data-element_type=\"column\" data-e-type=\"column\">\n\t\t\t<div class=\"elementor-widget-wrap elementor-element-populated\">\n\t\t\t\t\t\t<section class=\"elementor-section elementor-inner-section elementor-element elementor-element-918f1b4 elementor-section-boxed elementor-section-height-default elementor-section-height-default\" data-id=\"918f1b4\" data-element_type=\"section\" data-e-type=\"section\">\n\t\t\t\t\t\t<div class=\"elementor-container elementor-column-gap-default\">\n\t\t\t\t\t<div class=\"elementor-column elementor-col-50 elementor-inner-column elementor-element elementor-element-5ca185b\" data-id=\"5ca185b\" data-element_type=\"column\" data-e-type=\"column\">\n\t\t\t<div class=\"elementor-widget-wrap elementor-element-populated\">\n\t\t\t\t\t\t<div class=\"elementor-element elementor-element-1482277 elementor-align-center elementor-invisible elementor-widget elementor-widget-button\" data-id=\"1482277\" data-element_type=\"widget\" data-e-type=\"widget\" data-settings=\"{&quot;_animation&quot;:&quot;fadeInUp&quot;}\" data-widget_type=\"button.default\">\n\t\t\t\t<div class=\"elementor-widget-container\">\n\t\t\t\t\t\t\t\t\t<div class=\"elementor-button-wrapper\">\n\t\t\t\t\t<a class=\"elementor-button elementor-button-link elementor-size-md elementor-animation-grow\" href=\"https:\/\/bookings.zenchef.com\/results?rid=355900&#038;pid=1001\" target=\"_blank\" rel=\"nofollow\">\n\t\t\t\t\t\t<span class=\"elementor-button-content-wrapper\">\n\t\t\t\t\t\t<span class=\"elementor-button-icon\">\n\t\t\t\t<svg xmlns=\"http:\/\/www.w3.org\/2000\/svg\" xmlns:xlink=\"http:\/\/www.w3.org\/1999\/xlink\" id=\"Capa_1\" x=\"0px\" y=\"0px\" viewbox=\"0 0 429.914 429.914\" style=\"enable-background:new 0 0 429.914 429.914;\" xml:space=\"preserve\"><g>\t<g>\t\t<path d=\"M215.001,103.754c-72.9,0-132.1,59.3-132.1,132.1c0,72.8,59.2,132.2,132.1,132.2s132.1-59.3,132.1-132.1    S287.901,103.754,215.001,103.754z M215.001,348.054c-61.9,0-112.1-50.2-112.1-112.1c0-61.9,50.2-112.1,112.1-112.1    s112.1,50.2,112.1,112.1C327.101,297.854,276.901,347.954,215.001,348.054z\"><\/path>\t<\/g><\/g><g>\t<g>\t\t<path d=\"M215.001,145.454c-50,0-90.4,40.5-90.4,90.4s40.5,90.4,90.4,90.4c50,0,90.4-40.5,90.4-90.4    S264.901,145.554,215.001,145.454z M215.001,306.354c-38.9,0-70.4-31.5-70.4-70.4c0-38.9,31.5-70.4,70.4-70.4    c38.9,0,70.4,31.5,70.4,70.4C285.401,274.854,253.901,306.354,215.001,306.354z\"><\/path>\t<\/g><\/g><g>\t<g>\t\t<path d=\"M69.001,55.954c-5.5,0-10,4.5-10,10v46h-9.6l-0.4-46c0-5.5-4.5-10-10-10h-0.1c-5.5,0.1-10,4.6-9.9,10.1l0.3,45.9h-9.3v-46    c0-5.5-4.5-10-10-10s-10,4.5-10,10v54.2c0,0.3,0,0.6,0,0.9s0,0.6,0,0.9v25.3c-0.1,17.9,11.9,33.7,29.2,38.4l0.3,190.3h20    l-0.5-190.2c17.7-4.4,30.1-20.4,30.1-38.6v-25.3c0-0.3,0-0.6,0-0.9s0-0.6,0-0.9v-54.1C79.001,60.454,74.501,55.954,69.001,55.954z     M59.001,147.054c0,10.8-8.7,19.5-19.5,19.5s-19.5-8.7-19.5-19.5v-15.1h39V147.054z\"><\/path>\t<\/g><\/g><g>\t<g>\t\t<path d=\"M425.001,45.154c-3.2-1.7-7.1-1.6-10.1,0.4l-50.7,32.8c-2.8,1.9-4.6,5-4.5,8.4l0.3,160.2c0,5.5,4.5,10,10,10h9.4    l-10.1,118.2c-0.5,5.5,3.6,10.3,9.1,10.8c0.3,0,0.6,0,0.9,0h41c5.4,0,9.7-4.4,9.6-9.8c0-0.1,0-0.2,0-0.2v-322    C430.101,50.354,428.101,46.954,425.001,45.154z M379.401,92.254l30.5-19.9v164.6h-29.9L379.401,92.254z M410.001,365.954h-19.8    l9.3-109h10.5V365.954z\"><\/path>\t<\/g><\/g><g><\/g><g><\/g><g><\/g><g><\/g><g><\/g><g><\/g><g><\/g><g><\/g><g><\/g><g><\/g><g><\/g><g><\/g><g><\/g><g><\/g><g><\/g><\/svg>\t\t\t<\/span>\n\t\t\t\t\t\t\t\t\t<span class=\"elementor-button-text\">Book a table<\/span>\n\t\t\t\t\t<\/span>\n\t\t\t\t\t<\/a>\n\t\t\t\t<\/div>\n\t\t\t\t\t\t\t\t<\/div>\n\t\t\t\t<\/div>\n\t\t\t\t\t<\/div>\n\t\t<\/div>\n\t\t\t\t<div class=\"elementor-column elementor-col-50 elementor-inner-column elementor-element elementor-element-c214281\" data-id=\"c214281\" data-element_type=\"column\" data-e-type=\"column\">\n\t\t\t<div class=\"elementor-widget-wrap elementor-element-populated\">\n\t\t\t\t\t\t<div class=\"elementor-element elementor-element-2435bf3 elementor-align-center elementor-invisible elementor-widget elementor-widget-button\" data-id=\"2435bf3\" data-element_type=\"widget\" data-e-type=\"widget\" data-settings=\"{&quot;_animation&quot;:&quot;fadeInUp&quot;,&quot;_animation_delay&quot;:150}\" data-widget_type=\"button.default\">\n\t\t\t\t<div class=\"elementor-widget-container\">\n\t\t\t\t\t\t\t\t\t<div class=\"elementor-button-wrapper\">\n\t\t\t\t\t<a class=\"elementor-button elementor-button-link elementor-size-md elementor-animation-grow\" href=\"https:\/\/vinsdedagne.fr\/en\/bon-cadeau\/\">\n\t\t\t\t\t\t<span class=\"elementor-button-content-wrapper\">\n\t\t\t\t\t\t<span class=\"elementor-button-icon\">\n\t\t\t\t<svg xmlns=\"http:\/\/www.w3.org\/2000\/svg\" xmlns:xlink=\"http:\/\/www.w3.org\/1999\/xlink\" id=\"Capa_1\" x=\"0px\" y=\"0px\" viewbox=\"0 0 512 512\" style=\"enable-background:new 0 0 512 512;\" xml:space=\"preserve\"><g>\t<g>\t\t<path d=\"M449.603,177.797l-50.188-18.267c18.146-14.994,25.894-38.777,20.339-61.377c-10.917-44.403-65.056-61.259-99.26-31.022    l-34.652,30.632l-6.855-45.94c-6.778-45.229-59.141-66.989-95.978-40.039c-18.419,13.475-28.217,36.704-23.872,60.29    l-47.318-17.222C88.539,46.377,62.7,58.425,54.225,81.708l-20.49,56.297c-2.829,7.773,1.179,16.369,8.953,19.197    c3.153,1.147,230.742,83.983,234.084,85.199c-9.472,0-216.903,0-226.029,0c-8.272,0-14.978,6.706-14.978,14.978v209.688    c0,24.776,20.157,44.933,44.933,44.933H200.52h59.911h119.822c24.776,0,44.933-20.157,44.933-44.933V296.42l11.587,4.218    c7.737,2.818,16.355-1.147,19.197-8.952l20.491-56.297C484.933,212.106,472.886,186.271,449.603,177.797z M185.541,482.045H80.697    c-8.259,0-14.978-6.719-14.978-14.978v-194.71h119.822V482.045z M245.452,482.045h-29.955V272.357h29.955V482.045z     M340.333,89.575c17.375-15.361,44.805-6.744,50.331,15.731c5.893,23.963-17.269,44.741-40.451,36.317    c-19.718-7.177-28.958-10.54-48.703-17.727L340.333,89.575z M200.695,35.962c18.72-13.694,45.237-2.582,48.668,20.303l7.68,51.445    c-5.528-2.012-43.262-15.747-48.699-17.725C185.16,81.542,180.781,50.528,200.695,35.962z M207.751,185.402L67.007,134.175    l15.368-42.222c2.825-7.761,11.438-11.775,19.198-8.952c15.75,5.732,121.811,44.335,126.668,46.103L207.751,185.402z     M264.049,205.894L235.9,195.648l20.491-56.297l28.149,10.246L264.049,205.894z M395.229,467.067    c0,8.259-6.719,14.978-14.978,14.978H275.408V272.357h83.666l36.156,13.16V467.067z M448.309,225.142l-15.367,42.223    l-140.744-51.227l20.491-56.297l126.669,46.103C447.119,208.769,451.134,217.382,448.309,225.142z\"><\/path>\t<\/g><\/g><g><\/g><g><\/g><g><\/g><g><\/g><g><\/g><g><\/g><g><\/g><g><\/g><g><\/g><g><\/g><g><\/g><g><\/g><g><\/g><g><\/g><g><\/g><\/svg>\t\t\t<\/span>\n\t\t\t\t\t\t\t\t\t<span class=\"elementor-button-text\">Give a gift voucher<\/span>\n\t\t\t\t\t<\/span>\n\t\t\t\t\t<\/a>\n\t\t\t\t<\/div>\n\t\t\t\t\t\t\t\t<\/div>\n\t\t\t\t<\/div>\n\t\t\t\t\t<\/div>\n\t\t<\/div>\n\t\t\t\t\t<\/div>\n\t\t<\/section>\n\t\t\t\t\t<\/div>\n\t\t<\/div>\n\t\t\t\t\t<\/div>\n\t\t<\/section>\n\t\t\t\t<section class=\"elementor-section elementor-top-section elementor-element elementor-element-d313c52 elementor-section-boxed elementor-section-height-default elementor-section-height-default\" data-id=\"d313c52\" data-element_type=\"section\" data-e-type=\"section\">\n\t\t\t\t\t\t<div class=\"elementor-container elementor-column-gap-default\">\n\t\t\t\t\t<div class=\"elementor-column elementor-col-100 elementor-top-column elementor-element elementor-element-2694da8\" data-id=\"2694da8\" data-element_type=\"column\" data-e-type=\"column\">\n\t\t\t<div class=\"elementor-widget-wrap elementor-element-populated\">\n\t\t\t\t\t\t<div class=\"elementor-element elementor-element-e979d3f elementor-widget elementor-widget-text-editor\" data-id=\"e979d3f\" data-element_type=\"widget\" data-e-type=\"widget\" data-widget_type=\"text-editor.default\">\n\t\t\t\t<div class=\"elementor-widget-container\">\n\t\t\t\t\t\t\t\t\t<p><em>Article paru dans <a href=\"https:\/\/www.lindependant.fr\/2025\/12\/02\/val-de-dagne-le-cafe-vins-de-dagne-recompense-13086957.php\" target=\"_blank\" rel=\"noopener\">L&rsquo;ind\u00e9pendant<\/a><\/em><\/p>\t\t\t\t\t\t\t\t<\/div>\n\t\t\t\t<\/div>\n\t\t\t\t\t<\/div>\n\t\t<\/div>\n\t\t\t\t\t<\/div>\n\t\t<\/section>\n\t\t\t\t<section class=\"elementor-section elementor-top-section elementor-element elementor-element-876a68b elementor-section-boxed elementor-section-height-default elementor-section-height-default\" data-id=\"876a68b\" data-element_type=\"section\" data-e-type=\"section\">\n\t\t\t\t\t\t<div class=\"elementor-container elementor-column-gap-default\">\n\t\t\t\t\t<div class=\"elementor-column elementor-col-100 elementor-top-column elementor-element elementor-element-8eeebc8\" data-id=\"8eeebc8\" data-element_type=\"column\" data-e-type=\"column\">\n\t\t\t<div class=\"elementor-widget-wrap elementor-element-populated\">\n\t\t\t\t\t\t<div class=\"elementor-element elementor-element-95fcdfa elementor-invisible elementor-widget elementor-widget-heading\" data-id=\"95fcdfa\" data-element_type=\"widget\" data-e-type=\"widget\" data-settings=\"{&quot;_animation&quot;:&quot;fadeIn&quot;}\" data-widget_type=\"heading.default\">\n\t\t\t\t<div class=\"elementor-widget-container\">\n\t\t\t\t\t<h2 class=\"elementor-heading-title elementor-size-default\">Autres articles qui pourraient vous int\u00e9resser<\/h2>\t\t\t\t<\/div>\n\t\t\t\t<\/div>\n\t\t\t\t<div class=\"elementor-element elementor-element-c611db8 elementor-widget elementor-widget-hfe-basic-posts\" data-id=\"c611db8\" data-element_type=\"widget\" data-e-type=\"widget\" data-widget_type=\"hfe-basic-posts.default\">\n\t\t\t\t<div class=\"elementor-widget-container\">\n\t\t\t\t\t\n<div class=\"hfe-posts-grid\">\n\t\t\t<article class=\"hfe-post-card\">\n\t\t\t\t\t\t\t<div class=\"hfe-post-image\">\n\t\t\t\t\t<a href=\"https:\/\/vinsdedagne.fr\/en\/val-de-dagne-le-cafe-vins-de-dagne-recompense\/\" rel=\"bookmark\">\n\t\t\t\t\t\t<img loading=\"lazy\" decoding=\"async\" width=\"300\" height=\"169\" src=\"https:\/\/vinsdedagne.fr\/wp-content\/uploads\/2026\/04\/le-cafe-vins-de-dagne-recompense-300x169.jpg\" class=\"attachment-medium size-medium wp-post-image\" alt=\"Val-de-Dagne : le caf\u00e9 Vins de Dagne r\u00e9compens\u00e9\" srcset=\"https:\/\/vinsdedagne.fr\/wp-content\/uploads\/2026\/04\/le-cafe-vins-de-dagne-recompense-300x169.jpg 300w, https:\/\/vinsdedagne.fr\/wp-content\/uploads\/2026\/04\/le-cafe-vins-de-dagne-recompense-768x434.jpg 768w, https:\/\/vinsdedagne.fr\/wp-content\/uploads\/2026\/04\/le-cafe-vins-de-dagne-recompense-18x10.jpg 18w, https:\/\/vinsdedagne.fr\/wp-content\/uploads\/2026\/04\/le-cafe-vins-de-dagne-recompense.jpg 885w\" sizes=\"auto, (max-width: 300px) 100vw, 300px\" \/>\t\t\t\t\t<\/a>\n\t\t\t\t<\/div>\n\t\t\t\n\t\t\t<div class=\"hfe-post-content\">\n\t\t\t\t\t\t\t\t\t<h3 class=\"hfe-post-title\">\n\t\t\t\t\t\t<a href=\"https:\/\/vinsdedagne.fr\/en\/val-de-dagne-le-cafe-vins-de-dagne-recompense\/\" rel=\"bookmark\">\n\t\t\t\t\t\t\tVal-de-Dagne : le caf\u00e9 Vins de Dagne r\u00e9compens\u00e9\t\t\t\t\t\t<\/a>\n\t\t\t\t\t<\/h3>\n\t\t\t\t\n\t\t\t\t\n\t\t\t\t\n\t\t\t\t\t\t\t\t\t<a href=\"https:\/\/vinsdedagne.fr\/en\/val-de-dagne-le-cafe-vins-de-dagne-recompense\/\" class=\"hfe-read-more\" rel=\"bookmark\">\n\t\t\t\t\t\tLire l&#039;article \u2192\t\t\t\t\t<\/a>\n\t\t\t\t\t\t\t<\/div>\n\t\t<\/article>\n\t\t\t\t<article class=\"hfe-post-card\">\n\t\t\t\t\t\t\t<div class=\"hfe-post-image\">\n\t\t\t\t\t<a href=\"https:\/\/vinsdedagne.fr\/en\/terre-de-vins-recompense-aurelien-cornac\/\" rel=\"bookmark\">\n\t\t\t\t\t\t<img loading=\"lazy\" decoding=\"async\" width=\"300\" height=\"169\" src=\"https:\/\/vinsdedagne.fr\/wp-content\/uploads\/2026\/04\/terre-de-vins-recompense-aurelien-cornac-300x169.jpg\" class=\"attachment-medium size-medium wp-post-image\" alt=\"Terre de Vins r\u00e9compense Aur\u00e9lien Cornac\" srcset=\"https:\/\/vinsdedagne.fr\/wp-content\/uploads\/2026\/04\/terre-de-vins-recompense-aurelien-cornac-300x169.jpg 300w, https:\/\/vinsdedagne.fr\/wp-content\/uploads\/2026\/04\/terre-de-vins-recompense-aurelien-cornac-768x434.jpg 768w, https:\/\/vinsdedagne.fr\/wp-content\/uploads\/2026\/04\/terre-de-vins-recompense-aurelien-cornac-18x10.jpg 18w, https:\/\/vinsdedagne.fr\/wp-content\/uploads\/2026\/04\/terre-de-vins-recompense-aurelien-cornac.jpg 885w\" sizes=\"auto, (max-width: 300px) 100vw, 300px\" \/>\t\t\t\t\t<\/a>\n\t\t\t\t<\/div>\n\t\t\t\n\t\t\t<div class=\"hfe-post-content\">\n\t\t\t\t\t\t\t\t\t<h3 class=\"hfe-post-title\">\n\t\t\t\t\t\t<a href=\"https:\/\/vinsdedagne.fr\/en\/terre-de-vins-recompense-aurelien-cornac\/\" rel=\"bookmark\">\n\t\t\t\t\t\t\tTerre de Vins r\u00e9compense Aur\u00e9lien Cornac\t\t\t\t\t\t<\/a>\n\t\t\t\t\t<\/h3>\n\t\t\t\t\n\t\t\t\t\n\t\t\t\t\n\t\t\t\t\t\t\t\t\t<a href=\"https:\/\/vinsdedagne.fr\/en\/terre-de-vins-recompense-aurelien-cornac\/\" class=\"hfe-read-more\" rel=\"bookmark\">\n\t\t\t\t\t\tLire l&#039;article \u2192\t\t\t\t\t<\/a>\n\t\t\t\t\t\t\t<\/div>\n\t\t<\/article>\n\t\t\t\t<article class=\"hfe-post-card\">\n\t\t\t\t\t\t\t<div class=\"hfe-post-image\">\n\t\t\t\t\t<a href=\"https:\/\/vinsdedagne.fr\/en\/elementor-2122\/\" rel=\"bookmark\">\n\t\t\t\t\t\t<img loading=\"lazy\" decoding=\"async\" width=\"234\" height=\"300\" src=\"https:\/\/vinsdedagne.fr\/wp-content\/uploads\/2026\/04\/Vins-de-Dagne_12avril26-234x300.jpeg\" class=\"attachment-medium size-medium wp-post-image\" alt=\"Le bistrot \u00e0 vins et \u00e0 manger par excellence\" srcset=\"https:\/\/vinsdedagne.fr\/wp-content\/uploads\/2026\/04\/Vins-de-Dagne_12avril26-234x300.jpeg 234w, https:\/\/vinsdedagne.fr\/wp-content\/uploads\/2026\/04\/Vins-de-Dagne_12avril26-798x1024.jpeg 798w, https:\/\/vinsdedagne.fr\/wp-content\/uploads\/2026\/04\/Vins-de-Dagne_12avril26-768x985.jpeg 768w, https:\/\/vinsdedagne.fr\/wp-content\/uploads\/2026\/04\/Vins-de-Dagne_12avril26-1197x1536.jpeg 1197w, https:\/\/vinsdedagne.fr\/wp-content\/uploads\/2026\/04\/Vins-de-Dagne_12avril26-9x12.jpeg 9w, https:\/\/vinsdedagne.fr\/wp-content\/uploads\/2026\/04\/Vins-de-Dagne_12avril26.jpeg 1243w\" sizes=\"auto, (max-width: 234px) 100vw, 234px\" \/>\t\t\t\t\t<\/a>\n\t\t\t\t<\/div>\n\t\t\t\n\t\t\t<div class=\"hfe-post-content\">\n\t\t\t\t\t\t\t\t\t<h3 class=\"hfe-post-title\">\n\t\t\t\t\t\t<a href=\"https:\/\/vinsdedagne.fr\/en\/elementor-2122\/\" rel=\"bookmark\">\n\t\t\t\t\t\t\tLe bistrot \u00e0 vins et \u00e0 manger par excellence\t\t\t\t\t\t<\/a>\n\t\t\t\t\t<\/h3>\n\t\t\t\t\n\t\t\t\t\n\t\t\t\t\n\t\t\t\t\t\t\t\t\t<a href=\"https:\/\/vinsdedagne.fr\/en\/elementor-2122\/\" class=\"hfe-read-more\" rel=\"bookmark\">\n\t\t\t\t\t\tLire l&#039;article \u2192\t\t\t\t\t<\/a>\n\t\t\t\t\t\t\t<\/div>\n\t\t<\/article>\n\t\t<\/div>\n\t\t\t\t<\/div>\n\t\t\t\t<\/div>\n\t\t\t\t\t<\/div>\n\t\t<\/div>\n\t\t\t\t\t<\/div>\n\t\t<\/section>\n\t\t\t\t<\/div>","protected":false},"excerpt":{"rendered":"<p>Accueil Val-de-Dagne : le caf\u00e9 Vins de Dagne r\u00e9compens\u00e9 Il y a trois semaines, Aur\u00e9lien Cornac, g\u00e9rant du caf\u00e9 Vins de Dagne, s&rsquo;est inscrit au concours village vivant organis\u00e9 par Carcassonne Agglo, en partenariat avec les chambres consulaires. Un concours pour soutenir le commerce rural qui a suscit\u00e9 un vrai engouement sur les r\u00e9seaux sociaux. [&hellip;]<\/p>\n","protected":false},"author":1,"featured_media":2175,"comment_status":"closed","ping_status":"","sticky":false,"template":"elementor_header_footer","format":"standard","meta":{"site-sidebar-layout":"default","site-content-layout":"","ast-site-content-layout":"default","site-content-style":"default","site-sidebar-style":"default","ast-global-header-display":"","ast-banner-title-visibility":"","ast-main-header-display":"","ast-hfb-above-header-display":"","ast-hfb-below-header-display":"","ast-hfb-mobile-header-display":"","site-post-title":"disabled","ast-breadcrumbs-content":"","ast-featured-img":"","footer-sml-layout":"","ast-disable-related-posts":"","theme-transparent-header-meta":"","adv-header-id-meta":"","stick-header-meta":"","header-above-stick-meta":"","header-main-stick-meta":"","header-below-stick-meta":"","astra-migrate-meta-layouts":"set","ast-page-background-enabled":"default","ast-page-background-meta":{"desktop":{"background-color":"","background-image":"","background-repeat":"repeat","background-position":"center center","background-size":"auto","background-attachment":"scroll","background-type":"","background-media":"","overlay-type":"","overlay-color":"","overlay-opacity":"","overlay-gradient":""},"tablet":{"background-color":"","background-image":"","background-repeat":"repeat","background-position":"center center","background-size":"auto","background-attachment":"scroll","background-type":"","background-media":"","overlay-type":"","overlay-color":"","overlay-opacity":"","overlay-gradient":""},"mobile":{"background-color":"","background-image":"","background-repeat":"repeat","background-position":"center center","background-size":"auto","background-attachment":"scroll","background-type":"","background-media":"","overlay-type":"","overlay-color":"","overlay-opacity":"","overlay-gradient":""}},"ast-content-background-meta":{"desktop":{"background-color":"var(--ast-global-color-5)","background-image":"","background-repeat":"repeat","background-position":"center center","background-size":"auto","background-attachment":"scroll","background-type":"","background-media":"","overlay-type":"","overlay-color":"","overlay-opacity":"","overlay-gradient":""},"tablet":{"background-color":"var(--ast-global-color-5)","background-image":"","background-repeat":"repeat","background-position":"center center","background-size":"auto","background-attachment":"scroll","background-type":"","background-media":"","overlay-type":"","overlay-color":"","overlay-opacity":"","overlay-gradient":""},"mobile":{"background-color":"var(--ast-global-color-5)","background-image":"","background-repeat":"repeat","background-position":"center center","background-size":"auto","background-attachment":"scroll","background-type":"","background-media":"","overlay-type":"","overlay-color":"","overlay-opacity":"","overlay-gradient":""}},"footnotes":""},"categories":[1],"tags":[],"class_list":["post-2174","post","type-post","status-publish","format-standard","has-post-thumbnail","hentry","category-articles-de-presse"],"yoast_head":"<!-- This site is optimized with the Yoast SEO plugin v27.4 - https:\/\/yoast.com\/product\/yoast-seo-wordpress\/ -->\n<title>Val-de-Dagne : le caf\u00e9 Vins de Dagne r\u00e9compens\u00e9 - Vins de Dagne<\/title>\n<meta name=\"robots\" content=\"noindex, follow\" \/>\n<meta property=\"og:locale\" content=\"en_US\" \/>\n<meta property=\"og:type\" content=\"article\" \/>\n<meta property=\"og:title\" content=\"Val-de-Dagne : le caf\u00e9 Vins de Dagne r\u00e9compens\u00e9 - Vins de Dagne\" \/>\n<meta property=\"og:description\" content=\"Accueil Val-de-Dagne : le caf\u00e9 Vins de Dagne r\u00e9compens\u00e9 Il y a trois semaines, Aur\u00e9lien Cornac, g\u00e9rant du caf\u00e9 Vins de Dagne, s&rsquo;est inscrit au concours village vivant organis\u00e9 par Carcassonne Agglo, en partenariat avec les chambres consulaires. Un concours pour soutenir le commerce rural qui a suscit\u00e9 un vrai engouement sur les r\u00e9seaux sociaux. [&hellip;]\" \/>\n<meta property=\"og:url\" content=\"https:\/\/vinsdedagne.fr\/en\/val-de-dagne-le-cafe-vins-de-dagne-recompense\/\" \/>\n<meta property=\"og:site_name\" content=\"Vins de Dagne\" \/>\n<meta property=\"article:publisher\" content=\"https:\/\/www.facebook.com\/vinsdedagne\" \/>\n<meta property=\"article:published_time\" content=\"2026-04-21T13:15:21+00:00\" \/>\n<meta property=\"article:modified_time\" content=\"2026-04-21T13:19:38+00:00\" \/>\n<meta property=\"og:image\" content=\"https:\/\/vinsdedagne.fr\/wp-content\/uploads\/2026\/04\/le-cafe-vins-de-dagne-recompense.jpg\" \/>\n\t<meta property=\"og:image:width\" content=\"885\" \/>\n\t<meta property=\"og:image:height\" content=\"500\" \/>\n\t<meta property=\"og:image:type\" content=\"image\/jpeg\" \/>\n<meta name=\"author\" content=\"Dogire C. Anodebegeva\" \/>\n<meta name=\"twitter:card\" content=\"summary_large_image\" \/>\n<meta name=\"twitter:label1\" content=\"Written by\" \/>\n\t<meta name=\"twitter:data1\" content=\"Dogire C. Anodebegeva\" \/>\n\t<meta name=\"twitter:label2\" content=\"Est. reading time\" \/>\n\t<meta name=\"twitter:data2\" content=\"1 minute\" \/>\n<script type=\"application\/ld+json\" class=\"yoast-schema-graph\">{\"@context\":\"https:\\\/\\\/schema.org\",\"@graph\":[{\"@type\":\"Article\",\"@id\":\"https:\\\/\\\/vinsdedagne.fr\\\/val-de-dagne-le-cafe-vins-de-dagne-recompense\\\/#article\",\"isPartOf\":{\"@id\":\"https:\\\/\\\/vinsdedagne.fr\\\/val-de-dagne-le-cafe-vins-de-dagne-recompense\\\/\"},\"author\":{\"name\":\"Dogire C. Anodebegeva\",\"@id\":\"https:\\\/\\\/vinsdedagne.fr\\\/#\\\/schema\\\/person\\\/9d9ca44f5fb2db5e5a45c407d28a5be6\"},\"headline\":\"Val-de-Dagne : le caf\u00e9 Vins de Dagne r\u00e9compens\u00e9\",\"datePublished\":\"2026-04-21T13:15:21+00:00\",\"dateModified\":\"2026-04-21T13:19:38+00:00\",\"mainEntityOfPage\":{\"@id\":\"https:\\\/\\\/vinsdedagne.fr\\\/val-de-dagne-le-cafe-vins-de-dagne-recompense\\\/\"},\"wordCount\":211,\"publisher\":{\"@id\":\"https:\\\/\\\/vinsdedagne.fr\\\/#organization\"},\"image\":{\"@id\":\"https:\\\/\\\/vinsdedagne.fr\\\/val-de-dagne-le-cafe-vins-de-dagne-recompense\\\/#primaryimage\"},\"thumbnailUrl\":\"https:\\\/\\\/vinsdedagne.fr\\\/wp-content\\\/uploads\\\/2026\\\/04\\\/le-cafe-vins-de-dagne-recompense.jpg\",\"articleSection\":[\"Articles de presse\"],\"inLanguage\":\"en-US\"},{\"@type\":\"WebPage\",\"@id\":\"https:\\\/\\\/vinsdedagne.fr\\\/val-de-dagne-le-cafe-vins-de-dagne-recompense\\\/\",\"url\":\"https:\\\/\\\/vinsdedagne.fr\\\/val-de-dagne-le-cafe-vins-de-dagne-recompense\\\/\",\"name\":\"Val-de-Dagne : le caf\u00e9 Vins de Dagne r\u00e9compens\u00e9 - Vins de Dagne\",\"isPartOf\":{\"@id\":\"https:\\\/\\\/vinsdedagne.fr\\\/#website\"},\"primaryImageOfPage\":{\"@id\":\"https:\\\/\\\/vinsdedagne.fr\\\/val-de-dagne-le-cafe-vins-de-dagne-recompense\\\/#primaryimage\"},\"image\":{\"@id\":\"https:\\\/\\\/vinsdedagne.fr\\\/val-de-dagne-le-cafe-vins-de-dagne-recompense\\\/#primaryimage\"},\"thumbnailUrl\":\"https:\\\/\\\/vinsdedagne.fr\\\/wp-content\\\/uploads\\\/2026\\\/04\\\/le-cafe-vins-de-dagne-recompense.jpg\",\"datePublished\":\"2026-04-21T13:15:21+00:00\",\"dateModified\":\"2026-04-21T13:19:38+00:00\",\"breadcrumb\":{\"@id\":\"https:\\\/\\\/vinsdedagne.fr\\\/val-de-dagne-le-cafe-vins-de-dagne-recompense\\\/#breadcrumb\"},\"inLanguage\":\"en-US\",\"potentialAction\":[{\"@type\":\"ReadAction\",\"target\":[\"https:\\\/\\\/vinsdedagne.fr\\\/val-de-dagne-le-cafe-vins-de-dagne-recompense\\\/\"]}]},{\"@type\":\"ImageObject\",\"inLanguage\":\"en-US\",\"@id\":\"https:\\\/\\\/vinsdedagne.fr\\\/val-de-dagne-le-cafe-vins-de-dagne-recompense\\\/#primaryimage\",\"url\":\"https:\\\/\\\/vinsdedagne.fr\\\/wp-content\\\/uploads\\\/2026\\\/04\\\/le-cafe-vins-de-dagne-recompense.jpg\",\"contentUrl\":\"https:\\\/\\\/vinsdedagne.fr\\\/wp-content\\\/uploads\\\/2026\\\/04\\\/le-cafe-vins-de-dagne-recompense.jpg\",\"width\":885,\"height\":500},{\"@type\":\"BreadcrumbList\",\"@id\":\"https:\\\/\\\/vinsdedagne.fr\\\/val-de-dagne-le-cafe-vins-de-dagne-recompense\\\/#breadcrumb\",\"itemListElement\":[{\"@type\":\"ListItem\",\"position\":1,\"name\":\"Accueil\",\"item\":\"https:\\\/\\\/vinsdedagne.fr\\\/\"},{\"@type\":\"ListItem\",\"position\":2,\"name\":\"Val-de-Dagne : le caf\u00e9 Vins de Dagne r\u00e9compens\u00e9\"}]},{\"@type\":\"WebSite\",\"@id\":\"https:\\\/\\\/vinsdedagne.fr\\\/#website\",\"url\":\"https:\\\/\\\/vinsdedagne.fr\\\/\",\"name\":\"Vins de Dagne\",\"description\":\"\",\"publisher\":{\"@id\":\"https:\\\/\\\/vinsdedagne.fr\\\/#organization\"},\"potentialAction\":[{\"@type\":\"SearchAction\",\"target\":{\"@type\":\"EntryPoint\",\"urlTemplate\":\"https:\\\/\\\/vinsdedagne.fr\\\/?s={search_term_string}\"},\"query-input\":{\"@type\":\"PropertyValueSpecification\",\"valueRequired\":true,\"valueName\":\"search_term_string\"}}],\"inLanguage\":\"en-US\"},{\"@type\":\"Organization\",\"@id\":\"https:\\\/\\\/vinsdedagne.fr\\\/#organization\",\"name\":\"Vins de Dagne\",\"url\":\"https:\\\/\\\/vinsdedagne.fr\\\/\",\"logo\":{\"@type\":\"ImageObject\",\"inLanguage\":\"en-US\",\"@id\":\"https:\\\/\\\/vinsdedagne.fr\\\/#\\\/schema\\\/logo\\\/image\\\/\",\"url\":\"https:\\\/\\\/vinsdedagne.fr\\\/wp-content\\\/uploads\\\/2021\\\/06\\\/logo-vinsdedagne.png\",\"contentUrl\":\"https:\\\/\\\/vinsdedagne.fr\\\/wp-content\\\/uploads\\\/2021\\\/06\\\/logo-vinsdedagne.png\",\"width\":834,\"height\":834,\"caption\":\"Vins de Dagne\"},\"image\":{\"@id\":\"https:\\\/\\\/vinsdedagne.fr\\\/#\\\/schema\\\/logo\\\/image\\\/\"},\"sameAs\":[\"https:\\\/\\\/www.facebook.com\\\/vinsdedagne\",\"https:\\\/\\\/www.instagram.com\\\/vins_de_dagne\\\/?hl=fr\"]},{\"@type\":\"Person\",\"@id\":\"https:\\\/\\\/vinsdedagne.fr\\\/#\\\/schema\\\/person\\\/9d9ca44f5fb2db5e5a45c407d28a5be6\",\"name\":\"Dogire C. Anodebegeva\",\"image\":{\"@type\":\"ImageObject\",\"inLanguage\":\"en-US\",\"@id\":\"https:\\\/\\\/secure.gravatar.com\\\/avatar\\\/6fde825c143d973bd0b07a5b5731c5c252222d91840dcf247f870ccbf6b1d459?s=96&d=mm&r=g\",\"url\":\"https:\\\/\\\/secure.gravatar.com\\\/avatar\\\/6fde825c143d973bd0b07a5b5731c5c252222d91840dcf247f870ccbf6b1d459?s=96&d=mm&r=g\",\"contentUrl\":\"https:\\\/\\\/secure.gravatar.com\\\/avatar\\\/6fde825c143d973bd0b07a5b5731c5c252222d91840dcf247f870ccbf6b1d459?s=96&d=mm&r=g\",\"caption\":\"Dogire C. Anodebegeva\"},\"sameAs\":[\"http:\\\/\\\/vinsdedagne.fr\"]}]}<\/script>\n<!-- \/ Yoast SEO plugin. -->","yoast_head_json":{"title":"Val-de-Dagne : le caf\u00e9 Vins de Dagne r\u00e9compens\u00e9 - Vins de Dagne","robots":{"index":"noindex","follow":"follow"},"og_locale":"en_US","og_type":"article","og_title":"Val-de-Dagne : le caf\u00e9 Vins de Dagne r\u00e9compens\u00e9 - Vins de Dagne","og_description":"Accueil Val-de-Dagne : le caf\u00e9 Vins de Dagne r\u00e9compens\u00e9 Il y a trois semaines, Aur\u00e9lien Cornac, g\u00e9rant du caf\u00e9 Vins de Dagne, s&rsquo;est inscrit au concours village vivant organis\u00e9 par Carcassonne Agglo, en partenariat avec les chambres consulaires. Un concours pour soutenir le commerce rural qui a suscit\u00e9 un vrai engouement sur les r\u00e9seaux sociaux. [&hellip;]","og_url":"https:\/\/vinsdedagne.fr\/en\/val-de-dagne-le-cafe-vins-de-dagne-recompense\/","og_site_name":"Vins de Dagne","article_publisher":"https:\/\/www.facebook.com\/vinsdedagne","article_published_time":"2026-04-21T13:15:21+00:00","article_modified_time":"2026-04-21T13:19:38+00:00","og_image":[{"width":885,"height":500,"url":"https:\/\/vinsdedagne.fr\/wp-content\/uploads\/2026\/04\/le-cafe-vins-de-dagne-recompense.jpg","type":"image\/jpeg"}],"author":"Dogire C. Anodebegeva","twitter_card":"summary_large_image","twitter_misc":{"Written by":"Dogire C. Anodebegeva","Est. reading time":"1 minute"},"schema":{"@context":"https:\/\/schema.org","@graph":[{"@type":"Article","@id":"https:\/\/vinsdedagne.fr\/val-de-dagne-le-cafe-vins-de-dagne-recompense\/#article","isPartOf":{"@id":"https:\/\/vinsdedagne.fr\/val-de-dagne-le-cafe-vins-de-dagne-recompense\/"},"author":{"name":"Dogire C. Anodebegeva","@id":"https:\/\/vinsdedagne.fr\/#\/schema\/person\/9d9ca44f5fb2db5e5a45c407d28a5be6"},"headline":"Val-de-Dagne : le caf\u00e9 Vins de Dagne r\u00e9compens\u00e9","datePublished":"2026-04-21T13:15:21+00:00","dateModified":"2026-04-21T13:19:38+00:00","mainEntityOfPage":{"@id":"https:\/\/vinsdedagne.fr\/val-de-dagne-le-cafe-vins-de-dagne-recompense\/"},"wordCount":211,"publisher":{"@id":"https:\/\/vinsdedagne.fr\/#organization"},"image":{"@id":"https:\/\/vinsdedagne.fr\/val-de-dagne-le-cafe-vins-de-dagne-recompense\/#primaryimage"},"thumbnailUrl":"https:\/\/vinsdedagne.fr\/wp-content\/uploads\/2026\/04\/le-cafe-vins-de-dagne-recompense.jpg","articleSection":["Articles de presse"],"inLanguage":"en-US"},{"@type":"WebPage","@id":"https:\/\/vinsdedagne.fr\/val-de-dagne-le-cafe-vins-de-dagne-recompense\/","url":"https:\/\/vinsdedagne.fr\/val-de-dagne-le-cafe-vins-de-dagne-recompense\/","name":"Val-de-Dagne : le caf\u00e9 Vins de Dagne r\u00e9compens\u00e9 - Vins de Dagne","isPartOf":{"@id":"https:\/\/vinsdedagne.fr\/#website"},"primaryImageOfPage":{"@id":"https:\/\/vinsdedagne.fr\/val-de-dagne-le-cafe-vins-de-dagne-recompense\/#primaryimage"},"image":{"@id":"https:\/\/vinsdedagne.fr\/val-de-dagne-le-cafe-vins-de-dagne-recompense\/#primaryimage"},"thumbnailUrl":"https:\/\/vinsdedagne.fr\/wp-content\/uploads\/2026\/04\/le-cafe-vins-de-dagne-recompense.jpg","datePublished":"2026-04-21T13:15:21+00:00","dateModified":"2026-04-21T13:19:38+00:00","breadcrumb":{"@id":"https:\/\/vinsdedagne.fr\/val-de-dagne-le-cafe-vins-de-dagne-recompense\/#breadcrumb"},"inLanguage":"en-US","potentialAction":[{"@type":"ReadAction","target":["https:\/\/vinsdedagne.fr\/val-de-dagne-le-cafe-vins-de-dagne-recompense\/"]}]},{"@type":"ImageObject","inLanguage":"en-US","@id":"https:\/\/vinsdedagne.fr\/val-de-dagne-le-cafe-vins-de-dagne-recompense\/#primaryimage","url":"https:\/\/vinsdedagne.fr\/wp-content\/uploads\/2026\/04\/le-cafe-vins-de-dagne-recompense.jpg","contentUrl":"https:\/\/vinsdedagne.fr\/wp-content\/uploads\/2026\/04\/le-cafe-vins-de-dagne-recompense.jpg","width":885,"height":500},{"@type":"BreadcrumbList","@id":"https:\/\/vinsdedagne.fr\/val-de-dagne-le-cafe-vins-de-dagne-recompense\/#breadcrumb","itemListElement":[{"@type":"ListItem","position":1,"name":"Accueil","item":"https:\/\/vinsdedagne.fr\/"},{"@type":"ListItem","position":2,"name":"Val-de-Dagne : le caf\u00e9 Vins de Dagne r\u00e9compens\u00e9"}]},{"@type":"WebSite","@id":"https:\/\/vinsdedagne.fr\/#website","url":"https:\/\/vinsdedagne.fr\/","name":"Vins de Dagne","description":"","publisher":{"@id":"https:\/\/vinsdedagne.fr\/#organization"},"potentialAction":[{"@type":"SearchAction","target":{"@type":"EntryPoint","urlTemplate":"https:\/\/vinsdedagne.fr\/?s={search_term_string}"},"query-input":{"@type":"PropertyValueSpecification","valueRequired":true,"valueName":"search_term_string"}}],"inLanguage":"en-US"},{"@type":"Organization","@id":"https:\/\/vinsdedagne.fr\/#organization","name":"Vins de Dagne","url":"https:\/\/vinsdedagne.fr\/","logo":{"@type":"ImageObject","inLanguage":"en-US","@id":"https:\/\/vinsdedagne.fr\/#\/schema\/logo\/image\/","url":"https:\/\/vinsdedagne.fr\/wp-content\/uploads\/2021\/06\/logo-vinsdedagne.png","contentUrl":"https:\/\/vinsdedagne.fr\/wp-content\/uploads\/2021\/06\/logo-vinsdedagne.png","width":834,"height":834,"caption":"Vins de Dagne"},"image":{"@id":"https:\/\/vinsdedagne.fr\/#\/schema\/logo\/image\/"},"sameAs":["https:\/\/www.facebook.com\/vinsdedagne","https:\/\/www.instagram.com\/vins_de_dagne\/?hl=fr"]},{"@type":"Person","@id":"https:\/\/vinsdedagne.fr\/#\/schema\/person\/9d9ca44f5fb2db5e5a45c407d28a5be6","name":"Dogire C. Anodebegeva","image":{"@type":"ImageObject","inLanguage":"en-US","@id":"https:\/\/secure.gravatar.com\/avatar\/6fde825c143d973bd0b07a5b5731c5c252222d91840dcf247f870ccbf6b1d459?s=96&d=mm&r=g","url":"https:\/\/secure.gravatar.com\/avatar\/6fde825c143d973bd0b07a5b5731c5c252222d91840dcf247f870ccbf6b1d459?s=96&d=mm&r=g","contentUrl":"https:\/\/secure.gravatar.com\/avatar\/6fde825c143d973bd0b07a5b5731c5c252222d91840dcf247f870ccbf6b1d459?s=96&d=mm&r=g","caption":"Dogire C. Anodebegeva"},"sameAs":["http:\/\/vinsdedagne.fr"]}]}},"_links":{"self":[{"href":"https:\/\/vinsdedagne.fr\/en\/wp-json\/wp\/v2\/posts\/2174","targetHints":{"allow":["GET"]}}],"collection":[{"href":"https:\/\/vinsdedagne.fr\/en\/wp-json\/wp\/v2\/posts"}],"about":[{"href":"https:\/\/vinsdedagne.fr\/en\/wp-json\/wp\/v2\/types\/post"}],"author":[{"embeddable":true,"href":"https:\/\/vinsdedagne.fr\/en\/wp-json\/wp\/v2\/users\/1"}],"replies":[{"embeddable":true,"href":"https:\/\/vinsdedagne.fr\/en\/wp-json\/wp\/v2\/comments?post=2174"}],"version-history":[{"count":4,"href":"https:\/\/vinsdedagne.fr\/en\/wp-json\/wp\/v2\/posts\/2174\/revisions"}],"predecessor-version":[{"id":2179,"href":"https:\/\/vinsdedagne.fr\/en\/wp-json\/wp\/v2\/posts\/2174\/revisions\/2179"}],"wp:featuredmedia":[{"embeddable":true,"href":"https:\/\/vinsdedagne.fr\/en\/wp-json\/wp\/v2\/media\/2175"}],"wp:attachment":[{"href":"https:\/\/vinsdedagne.fr\/en\/wp-json\/wp\/v2\/media?parent=2174"}],"wp:term":[{"taxonomy":"category","embeddable":true,"href":"https:\/\/vinsdedagne.fr\/en\/wp-json\/wp\/v2\/categories?post=2174"},{"taxonomy":"post_tag","embeddable":true,"href":"https:\/\/vinsdedagne.fr\/en\/wp-json\/wp\/v2\/tags?post=2174"}],"curies":[{"name":"wp","href":"https:\/\/api.w.org\/{rel}","templated":true}]}}